[{"@context":"https:\/\/schema.org\/","@type":"Article","@id":"https:\/\/www.hc3.cz\/do-pracovny\/#Article","mainEntityOfPage":"https:\/\/www.hc3.cz\/do-pracovny\/","headline":"Do pracovny","name":"Do pracovny","description":"\u017didle k po\u010d\u00edta\u010di kter\u00e9 nab\u00edz\u00edme jsou ur\u010deny v\u0161em, kte\u0159\u00ed tr\u00e1v\u00ed hodn\u011b \u010dasu u po\u010d\u00edta\u010de. M\u00e1me velk\u00fd v\u00fdb\u011br, m\u016f\u017eete si vybrat ze 400 druh\u016f \u017eidl\u00ed od na\u0161ich i zahrani\u010dn\u00edch v\u00fdrobc\u016f. \u017didle jsou v\u011bt\u0161inou skladem, p\u0159ipraven\u00e9 k okam\u017eit\u00e9 expedici. \u017didle k po\u010d\u00edta\u010di nab\u00edz\u00edme ve dvou cenov\u00fdch kategori\u00edch a to do 2 500 K\u010d, kter\u00e9 jsou ur\u010den\u00e9 p\u0159edev\u0161\u00edm &hellip; <p class=\"link-more\"><a href=\"https:\/\/www.hc3.cz\/do-pracovny\/\" class=\"more-link\">Pokra\u010dovat ve \u010dten\u00ed<span class=\"screen-reader-text\"> \"Do pracovny\"<\/span><\/a><\/p>","datePublished":"2025-01-27","dateModified":"2025-01-27","author":{"@type":"Person","@id":"https:\/\/www.hc3.cz\/author\/#Person","name":"hc3.cz\n","url":"https:\/\/www.hc3.cz\/author\/","identifier":1,"image":{"@type":"ImageObject","@id":"https:\/\/secure.gravatar.com\/avatar\/4860d213c5bedfa07ff2b166ff7b069759f9dbf79eae813578c75f9f8cb939b7?s=96&d=mm&r=g","url":"https:\/\/secure.gravatar.com\/avatar\/4860d213c5bedfa07ff2b166ff7b069759f9dbf79eae813578c75f9f8cb939b7?s=96&d=mm&r=g","height":96,"width":96}},"publisher":{"@type":"Organization","name":"hc3.cz","logo":{"@type":"ImageObject","@id":"\/logo.png","url":"\/logo.png","width":600,"height":60}},"url":"https:\/\/www.hc3.cz\/do-pracovny\/","wordCount":162,"articleBody":"\u017didle k po\u010d\u00edta\u010di kter\u00e9 nab\u00edz\u00edme jsou ur\u010deny v\u0161em, kte\u0159\u00ed tr\u00e1v\u00ed hodn\u011b \u010dasu u po\u010d\u00edta\u010de. M\u00e1me velk\u00fd v\u00fdb\u011br, m\u016f\u017eete si vybrat ze 400 druh\u016f \u017eidl\u00ed od na\u0161ich i zahrani\u010dn\u00edch v\u00fdrobc\u016f. \u017didle jsou v\u011bt\u0161inou skladem, p\u0159ipraven\u00e9 k okam\u017eit\u00e9 expedici.\u017didle k po\u010d\u00edta\u010di nab\u00edz\u00edme ve dvou cenov\u00fdch kategori\u00edch a to do 2 500 K\u010d, kter\u00e9 jsou ur\u010den\u00e9 p\u0159edev\u0161\u00edm pro krat\u0161\u00ed sezen\u00ed a \u017eidle od 2 500 K\u010d, tyto \u017eidle u\u017e jsou v\u0161echny u\u010den\u00e9 na dlouhodob\u00e9 sezen\u00ed okolo 8 hodin denn\u011b.\u017didle od n\u00e1s\u017didle k po\u010d\u00edta\u010di od n\u00e1s odpov\u00eddaj\u00ed vysok\u00e9 kvalit\u011b, o tom sv\u011bd\u010d\u00ed i jejich z\u00e1ruka, kterou poskytujeme 5 let. U n\u00e1s je po\u0161tovn\u00e9 samoz\u0159ejm\u011b zdarma. Pokud m\u00e1te jak\u00fdkoliv dotaz je pro v\u00e1s p\u0159ipraven\u00e1 infolinka, kam se se sv\u00fdm dotazem m\u016f\u017eete obr\u00e1tit.                                                                                                                                                                                                                                                                                                                                                                                                "},{"@context":"https:\/\/schema.org\/","@type":"BreadcrumbList","itemListElement":[{"@type":"ListItem","position":1,"name":"Do pracovny","item":"https:\/\/www.hc3.cz\/do-pracovny\/#breadcrumbitem"}]}]