[{"@context":"https:\/\/schema.org\/","@type":"Article","@id":"https:\/\/www.hc3.cz\/pujcovna-karavanu\/#Article","mainEntityOfPage":"https:\/\/www.hc3.cz\/pujcovna-karavanu\/","headline":"P\u016fj\u010dovna karavan\u016f","name":"P\u016fj\u010dovna karavan\u016f","description":"Karavany jsou pro mnoho \u010cech\u016f st\u00e1le velikou nezn\u00e1mou. Na\u0161e spole\u010dnost V\u00e1m nab\u00edz\u00ed zcela jedine\u010dnou p\u0159\u00edle\u017eitost k nov\u00fdm z\u00e1\u017eitk\u016fm, na kter\u00e9 budete v dobr\u00e9m vzpom\u00ednat. P\u016fj\u010dovna karavan\u016f V\u00e1m nab\u00edz\u00ed sv\u00e9 slu\u017eby, tud\u00ed\u017e by byla velik\u00e1 \u0161koda, kdybyste je prop\u00e1sli. Vst\u0159\u00edcn\u00fd p\u0159\u00edstup P\u016fj\u010dovna karavan\u016f se m\u016f\u017ee py\u0161nit velice ochotn\u00fdm person\u00e1lem, kter\u00fd k z\u00e1kazn\u00edk\u016fm chov\u00e1 velice vst\u0159\u00edcn\u00fd p\u0159\u00edstup, &hellip; <p class=\"link-more\"><a href=\"https:\/\/www.hc3.cz\/pujcovna-karavanu\/\" class=\"more-link\">Pokra\u010dovat ve \u010dten\u00ed<span class=\"screen-reader-text\"> \"P\u016fj\u010dovna karavan\u016f\"<\/span><\/a><\/p>","datePublished":"2025-02-02","dateModified":"2025-02-02","author":{"@type":"Person","@id":"https:\/\/www.hc3.cz\/author\/#Person","name":"hc3.cz\n","url":"https:\/\/www.hc3.cz\/author\/","identifier":1,"image":{"@type":"ImageObject","@id":"https:\/\/secure.gravatar.com\/avatar\/4860d213c5bedfa07ff2b166ff7b069759f9dbf79eae813578c75f9f8cb939b7?s=96&d=mm&r=g","url":"https:\/\/secure.gravatar.com\/avatar\/4860d213c5bedfa07ff2b166ff7b069759f9dbf79eae813578c75f9f8cb939b7?s=96&d=mm&r=g","height":96,"width":96}},"publisher":{"@type":"Organization","name":"hc3.cz","logo":{"@type":"ImageObject","@id":"\/logo.png","url":"\/logo.png","width":600,"height":60}},"url":"https:\/\/www.hc3.cz\/pujcovna-karavanu\/","wordCount":183,"articleBody":"Karavany jsou pro mnoho \u010cech\u016f st\u00e1le velikou nezn\u00e1mou. Na\u0161e spole\u010dnost V\u00e1m nab\u00edz\u00ed zcela jedine\u010dnou p\u0159\u00edle\u017eitost k nov\u00fdm z\u00e1\u017eitk\u016fm, na kter\u00e9 budete v dobr\u00e9m vzpom\u00ednat. P\u016fj\u010dovna karavan\u016f V\u00e1m nab\u00edz\u00ed sv\u00e9 slu\u017eby, tud\u00ed\u017e by byla velik\u00e1 \u0161koda, kdybyste je prop\u00e1sli.Vst\u0159\u00edcn\u00fd p\u0159\u00edstupP\u016fj\u010dovna karavan\u016f se m\u016f\u017ee py\u0161nit velice ochotn\u00fdm person\u00e1lem, kter\u00fd k z\u00e1kazn\u00edk\u016fm chov\u00e1 velice vst\u0159\u00edcn\u00fd p\u0159\u00edstup, jak\u00e9ho se V\u00e1m u konkurence nedostane. Na\u0161i z\u00e1kazn\u00edci jsou pro n\u00e1s t\u00edm nejd\u016fle\u017eit\u011bj\u0161\u00edm, proto se o n\u011b star\u00e1me jako o \u010dleny rodinyKaravan i na zimuP\u016fj\u010dovna karavan\u016f se m\u016f\u017ee py\u0161nit vlastnictv\u00edm karavanu, kter\u00fd je prim\u00e1rn\u011b ur\u010den pro zimn\u00ed pou\u017e\u00edv\u00e1n\u00ed. Disponuje toti\u017e velice sofistikovan\u00fdm vyt\u00e1p\u011bn\u00edm, d\u00edky kter\u00e9mu budete moci jezdit i v zim\u011b jako o z\u00e1vod. Na\u0161e karavany jsou prost\u011b velmi v\u00fdjime\u010dn\u00e9!                                                                                                                                                                                                                                                                                                                                                                                        4.5\/5 - (2 votes)        "},{"@context":"https:\/\/schema.org\/","@type":"BreadcrumbList","itemListElement":[{"@type":"ListItem","position":1,"name":"P\u016fj\u010dovna karavan\u016f","item":"https:\/\/www.hc3.cz\/pujcovna-karavanu\/#breadcrumbitem"}]}]