[{"@context":"https:\/\/schema.org\/","@type":"Article","@id":"https:\/\/www.hc3.cz\/vliv-stresu-na-lidsky-zivot-nesmi-zanedbavat-ani-podnikatelska-sfera\/#Article","mainEntityOfPage":"https:\/\/www.hc3.cz\/vliv-stresu-na-lidsky-zivot-nesmi-zanedbavat-ani-podnikatelska-sfera\/","headline":"Vliv stresu na lidsk\u00fd \u017eivot nesm\u00ed zanedb\u00e1vat ani podnikatelsk\u00e1 sf\u00e9ra","name":"Vliv stresu na lidsk\u00fd \u017eivot nesm\u00ed zanedb\u00e1vat ani podnikatelsk\u00e1 sf\u00e9ra","description":"Velk\u00e9 mno\u017estv\u00ed firem, nejen v\u00a0\u010cesku, se pot\u00fdk\u00e1 se zaj\u00edmav\u00fdm fenom\u00e9nem. Od sametov\u00e9 revoluce na\u0161e spole\u010dnost p\u0159e\u0161la ve staronov\u00fd modus operandi s\u00a0n\u00e1zvem \u201ekapitalismus, \u010di imperialismus\u201c, chcete-li. V\u00a0z\u00e1sad\u011b je jedno, jak tento tr\u017en\u00ed syst\u00e9m nazvete, ka\u017edop\u00e1dn\u011b nen\u00ed s\u00e1m o sob\u011b stabiln\u00ed a za\u017e\u00edv\u00e1 r\u016fzn\u00e1 obdob\u00ed, kter\u00e1 ji\u017e definovali na\u0161i p\u0159edkov\u00e9 p\u0159ed mnoha des\u00edtkami let. P\u0159ech\u00e1z\u00ed z\u00a0krize p\u0159es &hellip; <p class=\"link-more\"><a href=\"https:\/\/www.hc3.cz\/vliv-stresu-na-lidsky-zivot-nesmi-zanedbavat-ani-podnikatelska-sfera\/\" class=\"more-link\">Pokra\u010dovat ve \u010dten\u00ed<span class=\"screen-reader-text\"> \"Vliv stresu na lidsk\u00fd \u017eivot nesm\u00ed zanedb\u00e1vat ani podnikatelsk\u00e1 sf\u00e9ra\"<\/span><\/a><\/p>","datePublished":"2025-03-02","dateModified":"2023-05-04","author":{"@type":"Person","@id":"https:\/\/www.hc3.cz\/author\/#Person","name":"hc3.cz\n","url":"https:\/\/www.hc3.cz\/author\/","identifier":1,"image":{"@type":"ImageObject","@id":"https:\/\/secure.gravatar.com\/avatar\/4860d213c5bedfa07ff2b166ff7b069759f9dbf79eae813578c75f9f8cb939b7?s=96&d=mm&r=g","url":"https:\/\/secure.gravatar.com\/avatar\/4860d213c5bedfa07ff2b166ff7b069759f9dbf79eae813578c75f9f8cb939b7?s=96&d=mm&r=g","height":96,"width":96}},"publisher":{"@type":"Organization","name":"hc3.cz","logo":{"@type":"ImageObject","@id":"\/logo.png","url":"\/logo.png","width":600,"height":60}},"image":{"@type":"ImageObject","@id":"https:\/\/www.hc3.cz\/wp-content\/uploads\/img_a311923_w2224_t1522961487.jpg","url":"https:\/\/www.hc3.cz\/wp-content\/uploads\/img_a311923_w2224_t1522961487.jpg","height":0,"width":0},"url":"https:\/\/www.hc3.cz\/vliv-stresu-na-lidsky-zivot-nesmi-zanedbavat-ani-podnikatelska-sfera\/","about":["Podnik\u00e1n\u00ed"],"wordCount":449,"articleBody":"Velk\u00e9 mno\u017estv\u00ed firem, nejen v\u00a0\u010cesku, se pot\u00fdk\u00e1 se zaj\u00edmav\u00fdm fenom\u00e9nem. Od sametov\u00e9 revoluce na\u0161e spole\u010dnost p\u0159e\u0161la ve staronov\u00fd modus operandi s\u00a0n\u00e1zvem \u201ekapitalismus, \u010di imperialismus\u201c, chcete-li. V\u00a0z\u00e1sad\u011b je jedno, jak tento tr\u017en\u00ed syst\u00e9m nazvete, ka\u017edop\u00e1dn\u011b nen\u00ed s\u00e1m o sob\u011b stabiln\u00ed a za\u017e\u00edv\u00e1 r\u016fzn\u00e1 obdob\u00ed, kter\u00e1 ji\u017e definovali na\u0161i p\u0159edkov\u00e9 p\u0159ed mnoha des\u00edtkami let. P\u0159ech\u00e1z\u00ed z\u00a0krize p\u0159es depresi, n\u00e1sleduje o\u017eiven\u00ed, a nakonec konjunktura, kter\u00e1 op\u011bt propad\u00e1 v\u00a0krizi, a cel\u00fd cyklus se opakuje.\tPodnikat s\u00a0rozumem a eliminovat stres nen\u00ed zrovna snadn\u00e9P\u0159ed n\u011bkolika lety jsme pro\u017eili obdob\u00ed krize, dokonce nejv\u011bt\u0161\u00ed od doby pr\u016fmyslov\u00e9 revoluce, ta se p\u0159es depresi a o\u017eiven\u00ed p\u0159ehoupla velmi rychle a obdob\u00ed konjunktury za\u017e\u00edv\u00e1me v\u00a0sou\u010dasn\u00e9 dob\u011b. Vrchol \u017eeb\u0159\u00ed\u010dku cel\u00e9ho syst\u00e9mu m\u00e1 v\u0161ak tak\u00e9 sv\u00e1 \u00faskal\u00ed, dopad\u00e1 n\u011bkdy velmi tvrd\u011b na bedra zam\u011bstnanc\u016f. \u0158ada \u010desk\u00fdch, ale i zahrani\u010dn\u00edch firem \u0159e\u0161\u00ed nedostatek pracovn\u00edch sil, p\u0159itom maj\u00ed tolik zak\u00e1zek ve v\u00fdrob\u011b a slu\u017eb\u00e1ch, a ty si nemohou dovolit odm\u00edtnout, aby se v\u00a0konkurenci na trhu alespo\u0148 udr\u017eely. \u010casto se st\u00e1v\u00e1, \u017ee jsou zam\u011bstnanci p\u0159et\u011b\u017eov\u00e1n\u00ed a mus\u00ed vykon\u00e1vat mno\u017estv\u00ed pr\u00e1ce, kter\u00e9 bylo p\u016fvodn\u011b ur\u010deno pro dva, nebo i v\u00edce lid\u00ed. Donekone\u010dna to ale nejde a prvn\u00ed zn\u00e1mky p\u0159epracov\u00e1n\u00ed lid\u00e9 \u0159e\u0161\u00ed zprvu chaosem a depresemi, pak nastupuj\u00ed uklid\u0148uj\u00edc\u00ed prost\u0159edky, dal\u0161\u00ed frustrace, a nakonec se \u010dlov\u011bk bu\u010f psychicky zhrout\u00ed, nebo d\u00e1v\u00e1 v\u00fdpov\u011b\u010f.\tAlarmuj\u00edc\u00ed zji\u0161t\u011bn\u00ed p\u0159in\u00e1\u0161\u00ed statistikaVelmi vysok\u00e1 hladina ment\u00e1ln\u00edho stresu, kter\u00fd je\u0161t\u011b m\u016f\u017ee podpo\u0159it dlouh\u00e9 doj\u00ed\u017ed\u011bn\u00ed do zam\u011bstn\u00e1n\u00ed, kon\u010d\u00ed v\u00a0psychologick\u00fdch poradn\u00e1ch, v\u00a0hor\u0161\u00edm p\u0159\u00edpad\u011b na psychiatrii. Podle pr\u016fzkum\u016f ve\u0159ejn\u00e9ho m\u00edn\u011bn\u00ed, prov\u00e1d\u011bn\u00e9ho v\u00a0\u010cesku koncem roku 2017, je v\u00edce ne\u017e polovina zam\u011bstnanc\u016f v\u00a0podnikatelsk\u00e9m sektoru obchodu, v\u00fdroby, marketingu a slu\u017eeb p\u0159et\u00ed\u017eena stresem, a dal\u0161\u00edch 15 procent dokonce nezvladateln\u00fdm stresem. Pouh\u00fdch 6 procent dotazovan\u00fdch uvedlo, \u017ee jejich \u00farove\u0148 stresu na pracovi\u0161ti je pom\u011brn\u011b n\u00edzk\u00e1.\u00a0 Respondenti se tak\u00e9 p\u0159izn\u00e1vaj\u00ed, \u017ee nejv\u011bt\u0161\u00ed stres v\u00a0jejich sou\u010dasn\u00e9m \u017eivot\u011b poch\u00e1z\u00ed pr\u00e1v\u011b z\u00a0nadm\u011brn\u00e9 pracovn\u00ed z\u00e1t\u011b\u017ee, nikoliv z\u00a0nakupov\u00e1n\u00ed, z\u00a0rodinn\u00e9ho prost\u0159ed\u00ed, ze vztah\u016f snacha \u2013 tch\u00fdn\u011b, a podobn\u00fdch, \u010dasto nep\u0159\u00edjemn\u00fdch situac\u00ed.                                                                                                                                                                                                                                                                                                                                                                                        3.6\/5 - (8 votes)        "},{"@context":"https:\/\/schema.org\/","@type":"BreadcrumbList","itemListElement":[{"@type":"ListItem","position":1,"name":"Vliv stresu na lidsk\u00fd \u017eivot nesm\u00ed zanedb\u00e1vat ani podnikatelsk\u00e1 sf\u00e9ra","item":"https:\/\/www.hc3.cz\/vliv-stresu-na-lidsky-zivot-nesmi-zanedbavat-ani-podnikatelska-sfera\/#breadcrumbitem"}]}]